{"id":5407,"date":"2025-07-29T16:30:00","date_gmt":"2025-07-29T14:30:00","guid":{"rendered":"https:\/\/www.unitedschools.world\/?p=5407"},"modified":"2025-07-03T16:32:35","modified_gmt":"2025-07-03T14:32:35","slug":"podcast-avec-stephane-ambassacteurs-et-la-nouveaute-pour-les-francais-a-letranger","status":"publish","type":"post","link":"https:\/\/www.unitedschools.world\/es\/podcast-avec-stephane-ambassacteurs-et-la-nouveaute-pour-les-francais-a-letranger\/","title":{"rendered":"Podcast avec St\u00e9phane : Ambass\u2019Acteurs et la nouveaut\u00e9 pour les Fran\u00e7ais \u00e0 l\u2019\u00e9tranger"},"content":{"rendered":"<p>Il y a quelques mois, St\u00e9phane, co-cr\u00e9ateur de United Schools, a partag\u00e9 son histoire et la vision de cette initiative \u00e9ducative unique dans un podcast r\u00e9alis\u00e9 par Gauthier des @francaisdanslemonde.<\/p>\n\n\n\n<p>Dans cet \u00e9pisode captivant, il revient sur la gen\u00e8se du projet United Schools, qui vise \u00e0 connecter les \u00e9l\u00e8ves du monde entier autour de valeurs communes d\u2019\u00e9ducation et de solidarit\u00e9 et pr\u00e9sente la nouvelle mission Ambass\u2019Acteurs d\u00e9di\u00e9e aux Fran\u00e7ais \u00e0 l\u2019\u00e9tranger.<\/p>\n\n\n\n<h2 class=\"wp-block-heading\">United Schools : un r\u00e9seau mondial au service de l\u2019\u00e9ducation<\/h2>\n\n\n\n<p>St\u00e9phane explique comment United Schools cr\u00e9e des ponts entre enfants, et enseignants, peu importe o\u00f9 ils se trouvent sur la plan\u00e8te. Il pr\u00e9sente aussi le programme des Ambass\u2019Acteurs, ce r\u00e9seau de voyageurs fran\u00e7ais et francophones engag\u00e9s qui incarnent les valeurs de l\u2019association en voyageant \u00e0 travers le monde.<\/p>\n\n\n\n<h2 class=\"wp-block-heading\">Une grande nouveaut\u00e9 pour 2025 : un r\u00f4le d\u00e9di\u00e9 aux Fran\u00e7ais vivant \u00e0 l\u2019\u00e9tranger<\/h2>\n\n\n\n<p>Pour renforcer son impact, United Schools pr\u00e9pare pour 2025 une mission d\u2019Ambass\u2019Acteurs sp\u00e9cialement d\u00e9di\u00e9 aux Fran\u00e7ais r\u00e9sidant \u00e0 l\u2019\u00e9tranger. Cette nouvelle fonction offrira une activit\u00e9 porteuse de sens, un lien social fort, et l\u2019opportunit\u00e9 de participer activement \u00e0 un projet global combinant \u00e9ducation et protection de la plan\u00e8te.<\/p>\n\n\n\n<h2 class=\"wp-block-heading\">Pourquoi \u00e9couter ce podcast ?<\/h2>\n\n\n<div class=\"wp-block-image\">\n<figure class=\"aligncenter size-full\"><img loading=\"lazy\" decoding=\"async\" width=\"725\" height=\"330\" src=\"https:\/\/www.unitedschools.world\/wp-content\/uploads\/2025\/07\/Capture-decran-2025-07-03-163018.jpg\" alt=\"\" class=\"wp-image-5413\" srcset=\"https:\/\/www.unitedschools.world\/wp-content\/uploads\/2025\/07\/Capture-decran-2025-07-03-163018.jpg 725w, https:\/\/www.unitedschools.world\/wp-content\/uploads\/2025\/07\/Capture-decran-2025-07-03-163018-300x137.jpg 300w, https:\/\/www.unitedschools.world\/wp-content\/uploads\/2025\/07\/Capture-decran-2025-07-03-163018-18x8.jpg 18w, https:\/\/www.unitedschools.world\/wp-content\/uploads\/2025\/07\/Capture-decran-2025-07-03-163018-600x273.jpg 600w\" sizes=\"auto, (max-width: 725px) 100vw, 725px\" \/><\/figure><\/div>\n\n\n<p>Ce t\u00e9moignage enrichissant vous fera mieux comprendre comment United Schools favorise une \u00e9ducation inclusive, responsable et ouverte sur le monde. Vous y d\u00e9couvrirez \u00e9galement une communaut\u00e9 dynamique et engag\u00e9e pour un avenir meilleur.<\/p>\n\n\n\n<p>\ud83c\udfa7 \u00c9coutez l\u2019\u00e9pisode ici :<br><a class=\"\" href=\"https:\/\/francaisdanslemonde.fr\/episode\/stephane-ollagnier-de-united-schools-relier-les-ecoliers-de-la-planete\/\">https:\/\/francaisdanslemonde.fr\/episode\/stephane-ollagnier-de-united-schools-relier-les-ecoliers-de-la-planete\/<\/a><\/p>\n\n\n\n<h2 class=\"wp-block-heading\">Vous souhaitez rejoindre l\u2019aventure ?<\/h2>\n\n\n\n<p>Pour en savoir plus ou pour devenir Ambass\u2019Acteur, n\u2019h\u00e9sitez pas \u00e0 nous contacter. Rejoignez ce beau projet qui relie les \u00e9coles et \u00e9l\u00e8ves du monde entier !<\/p>\n\n\n\n<p><\/p>","protected":false},"excerpt":{"rendered":"<p>Il y a quelques mois, St\u00e9phane, co-cr\u00e9ateur de United Schools, a partag\u00e9 son histoire et la vision de cette initiative \u00e9ducative unique dans un podcast r\u00e9alis\u00e9 par Gauthier des @francaisdanslemonde. Dans cet \u00e9pisode captivant, il revient sur la gen\u00e8se du projet United Schools, qui vise \u00e0 connecter les \u00e9l\u00e8ves du monde entier autour de valeurs communes d\u2019\u00e9ducation et de solidarit\u00e9 [&hellip;]<\/p>","protected":false},"author":12,"featured_media":5410,"comment_status":"closed","ping_status":"open","sticky":false,"template":"","format":"standard","meta":{"footnotes":""},"categories":[218],"tags":[],"class_list":["post-5407","post","type-post","status-publish","format-standard","has-post-thumbnail","hentry","category-ambassacteurs"],"yoast_head":"<!-- This site is optimized with the Yoast SEO plugin v26.1 - https:\/\/yoast.com\/wordpress\/plugins\/seo\/ -->\n<title>Podcast avec St\u00e9phane : Ambass\u2019Acteurs et la nouveaut\u00e9 pour les Fran\u00e7ais \u00e0 l\u2019\u00e9tranger - United Schools<\/title>\n<meta name=\"description\" content=\"Podcast avec St\u00e9phane, co-cr\u00e9ateur de United Schools, sur l\u2019\u00e9ducation globale et la nouvelle mission Ambass\u2019Acteurs d\u00e9di\u00e9e aux Fran\u00e7ais \u00e0 l\u2019\u00e9tranger.\" \/>\n<meta name=\"robots\" content=\"index, follow, max-snippet:-1, max-image-preview:large, max-video-preview:-1\" \/>\n<link rel=\"canonical\" href=\"https:\/\/www.unitedschools.world\/es\/podcast-avec-stephane-ambassacteurs-et-la-nouveaute-pour-les-francais-a-letranger\/\" \/>\n<meta property=\"og:locale\" content=\"es_ES\" \/>\n<meta property=\"og:type\" content=\"article\" \/>\n<meta property=\"og:title\" content=\"Podcast avec St\u00e9phane : Ambass\u2019Acteurs et la nouveaut\u00e9 pour les Fran\u00e7ais \u00e0 l\u2019\u00e9tranger - United Schools\" \/>\n<meta property=\"og:description\" content=\"Podcast avec St\u00e9phane, co-cr\u00e9ateur de United Schools, sur l\u2019\u00e9ducation globale et la nouvelle mission Ambass\u2019Acteurs d\u00e9di\u00e9e aux Fran\u00e7ais \u00e0 l\u2019\u00e9tranger.\" \/>\n<meta property=\"og:url\" content=\"https:\/\/www.unitedschools.world\/es\/podcast-avec-stephane-ambassacteurs-et-la-nouveaute-pour-les-francais-a-letranger\/\" \/>\n<meta property=\"og:site_name\" content=\"United Schools\" \/>\n<meta property=\"article:publisher\" content=\"https:\/\/www.facebook.com\/unitedschools.world\/\" \/>\n<meta property=\"article:published_time\" content=\"2025-07-29T14:30:00+00:00\" \/>\n<meta property=\"og:image\" content=\"https:\/\/www.unitedschools.world\/wp-content\/uploads\/2025\/07\/temoignages.jpg\" \/>\n\t<meta property=\"og:image:width\" content=\"1080\" \/>\n\t<meta property=\"og:image:height\" content=\"1350\" \/>\n\t<meta property=\"og:image:type\" content=\"image\/jpeg\" \/>\n<meta name=\"author\" content=\"Laetitia\" \/>\n<meta name=\"twitter:card\" content=\"summary_large_image\" \/>\n<meta name=\"twitter:creator\" content=\"@UnitedSchoolsW\" \/>\n<meta name=\"twitter:site\" content=\"@UnitedSchoolsW\" \/>\n<meta name=\"twitter:label1\" content=\"Escrito por\" \/>\n\t<meta name=\"twitter:data1\" content=\"Laetitia\" \/>\n\t<meta name=\"twitter:label2\" content=\"Tiempo de lectura\" \/>\n\t<meta name=\"twitter:data2\" content=\"2 minutos\" \/>\n<script type=\"application\/ld+json\" class=\"yoast-schema-graph\">{\"@context\":\"https:\/\/schema.org\",\"@graph\":[{\"@type\":\"Article\",\"@id\":\"https:\/\/www.unitedschools.world\/podcast-avec-stephane-ambassacteurs-et-la-nouveaute-pour-les-francais-a-letranger\/#article\",\"isPartOf\":{\"@id\":\"https:\/\/www.unitedschools.world\/podcast-avec-stephane-ambassacteurs-et-la-nouveaute-pour-les-francais-a-letranger\/\"},\"author\":{\"name\":\"Laetitia\",\"@id\":\"https:\/\/www.unitedschools.world\/#\/schema\/person\/3a144a66c249be9f144f3c491f4ada9e\"},\"headline\":\"Podcast avec St\u00e9phane : Ambass\u2019Acteurs et la nouveaut\u00e9 pour les Fran\u00e7ais \u00e0 l\u2019\u00e9tranger\",\"datePublished\":\"2025-07-29T14:30:00+00:00\",\"mainEntityOfPage\":{\"@id\":\"https:\/\/www.unitedschools.world\/podcast-avec-stephane-ambassacteurs-et-la-nouveaute-pour-les-francais-a-letranger\/\"},\"wordCount\":316,\"publisher\":{\"@id\":\"https:\/\/www.unitedschools.world\/#organization\"},\"image\":{\"@id\":\"https:\/\/www.unitedschools.world\/podcast-avec-stephane-ambassacteurs-et-la-nouveaute-pour-les-francais-a-letranger\/#primaryimage\"},\"thumbnailUrl\":\"https:\/\/www.unitedschools.world\/wp-content\/uploads\/2025\/07\/temoignages.jpg\",\"articleSection\":[\"Ambass'Acteurs\"],\"inLanguage\":\"es\"},{\"@type\":\"WebPage\",\"@id\":\"https:\/\/www.unitedschools.world\/podcast-avec-stephane-ambassacteurs-et-la-nouveaute-pour-les-francais-a-letranger\/\",\"url\":\"https:\/\/www.unitedschools.world\/podcast-avec-stephane-ambassacteurs-et-la-nouveaute-pour-les-francais-a-letranger\/\",\"name\":\"Podcast avec St\u00e9phane : Ambass\u2019Acteurs et la nouveaut\u00e9 pour les Fran\u00e7ais \u00e0 l\u2019\u00e9tranger - United Schools\",\"isPartOf\":{\"@id\":\"https:\/\/www.unitedschools.world\/#website\"},\"primaryImageOfPage\":{\"@id\":\"https:\/\/www.unitedschools.world\/podcast-avec-stephane-ambassacteurs-et-la-nouveaute-pour-les-francais-a-letranger\/#primaryimage\"},\"image\":{\"@id\":\"https:\/\/www.unitedschools.world\/podcast-avec-stephane-ambassacteurs-et-la-nouveaute-pour-les-francais-a-letranger\/#primaryimage\"},\"thumbnailUrl\":\"https:\/\/www.unitedschools.world\/wp-content\/uploads\/2025\/07\/temoignages.jpg\",\"datePublished\":\"2025-07-29T14:30:00+00:00\",\"description\":\"Podcast avec St\u00e9phane, co-cr\u00e9ateur de United Schools, sur l\u2019\u00e9ducation globale et la nouvelle mission Ambass\u2019Acteurs d\u00e9di\u00e9e aux Fran\u00e7ais \u00e0 l\u2019\u00e9tranger.\",\"breadcrumb\":{\"@id\":\"https:\/\/www.unitedschools.world\/podcast-avec-stephane-ambassacteurs-et-la-nouveaute-pour-les-francais-a-letranger\/#breadcrumb\"},\"inLanguage\":\"es\",\"potentialAction\":[{\"@type\":\"ReadAction\",\"target\":[\"https:\/\/www.unitedschools.world\/podcast-avec-stephane-ambassacteurs-et-la-nouveaute-pour-les-francais-a-letranger\/\"]}]},{\"@type\":\"ImageObject\",\"inLanguage\":\"es\",\"@id\":\"https:\/\/www.unitedschools.world\/podcast-avec-stephane-ambassacteurs-et-la-nouveaute-pour-les-francais-a-letranger\/#primaryimage\",\"url\":\"https:\/\/www.unitedschools.world\/wp-content\/uploads\/2025\/07\/temoignages.jpg\",\"contentUrl\":\"https:\/\/www.unitedschools.world\/wp-content\/uploads\/2025\/07\/temoignages.jpg\",\"width\":1080,\"height\":1350},{\"@type\":\"BreadcrumbList\",\"@id\":\"https:\/\/www.unitedschools.world\/podcast-avec-stephane-ambassacteurs-et-la-nouveaute-pour-les-francais-a-letranger\/#breadcrumb\",\"itemListElement\":[{\"@type\":\"ListItem\",\"position\":1,\"name\":\"Accueil\",\"item\":\"https:\/\/www.unitedschools.world\/\"},{\"@type\":\"ListItem\",\"position\":2,\"name\":\"Podcast avec St\u00e9phane : Ambass\u2019Acteurs et la nouveaut\u00e9 pour les Fran\u00e7ais \u00e0 l\u2019\u00e9tranger\"}]},{\"@type\":\"WebSite\",\"@id\":\"https:\/\/www.unitedschools.world\/#website\",\"url\":\"https:\/\/www.unitedschools.world\/\",\"name\":\"United Schools\",\"description\":\"One world to share\",\"publisher\":{\"@id\":\"https:\/\/www.unitedschools.world\/#organization\"},\"potentialAction\":[{\"@type\":\"SearchAction\",\"target\":{\"@type\":\"EntryPoint\",\"urlTemplate\":\"https:\/\/www.unitedschools.world\/?s={search_term_string}\"},\"query-input\":{\"@type\":\"PropertyValueSpecification\",\"valueRequired\":true,\"valueName\":\"search_term_string\"}}],\"inLanguage\":\"es\"},{\"@type\":\"Organization\",\"@id\":\"https:\/\/www.unitedschools.world\/#organization\",\"name\":\"United Schools\",\"url\":\"https:\/\/www.unitedschools.world\/\",\"logo\":{\"@type\":\"ImageObject\",\"inLanguage\":\"es\",\"@id\":\"https:\/\/www.unitedschools.world\/#\/schema\/logo\/image\/\",\"url\":\"https:\/\/www.unitedschools.world\/wp-content\/uploads\/2019\/11\/logoNew.png\",\"contentUrl\":\"https:\/\/www.unitedschools.world\/wp-content\/uploads\/2019\/11\/logoNew.png\",\"width\":1300,\"height\":182,\"caption\":\"United Schools\"},\"image\":{\"@id\":\"https:\/\/www.unitedschools.world\/#\/schema\/logo\/image\/\"},\"sameAs\":[\"https:\/\/www.facebook.com\/unitedschools.world\/\",\"https:\/\/x.com\/UnitedSchoolsW\",\"https:\/\/www.instagram.com\/unitedschoolsassociation\/\",\"https:\/\/www.linkedin.com\/company\/united-schools\/\"]},{\"@type\":\"Person\",\"@id\":\"https:\/\/www.unitedschools.world\/#\/schema\/person\/3a144a66c249be9f144f3c491f4ada9e\",\"name\":\"Laetitia\",\"image\":{\"@type\":\"ImageObject\",\"inLanguage\":\"es\",\"@id\":\"https:\/\/www.unitedschools.world\/#\/schema\/person\/image\/\",\"url\":\"https:\/\/secure.gravatar.com\/avatar\/2664020527d09c5701a6a46cd5a1de58d8296333c5e6db14ce6df104129002f2?s=96&d=mm&r=g\",\"contentUrl\":\"https:\/\/secure.gravatar.com\/avatar\/2664020527d09c5701a6a46cd5a1de58d8296333c5e6db14ce6df104129002f2?s=96&d=mm&r=g\",\"caption\":\"Laetitia\"}}]}<\/script>\n<!-- \/ Yoast SEO plugin. -->","yoast_head_json":{"title":"Podcast avec St\u00e9phane : Ambass\u2019Acteurs et la nouveaut\u00e9 pour les Fran\u00e7ais \u00e0 l\u2019\u00e9tranger - United Schools","description":"Podcast avec St\u00e9phane, co-cr\u00e9ateur de United Schools, sur l\u2019\u00e9ducation globale et la nouvelle mission Ambass\u2019Acteurs d\u00e9di\u00e9e aux Fran\u00e7ais \u00e0 l\u2019\u00e9tranger.","robots":{"index":"index","follow":"follow","max-snippet":"max-snippet:-1","max-image-preview":"max-image-preview:large","max-video-preview":"max-video-preview:-1"},"canonical":"https:\/\/www.unitedschools.world\/es\/podcast-avec-stephane-ambassacteurs-et-la-nouveaute-pour-les-francais-a-letranger\/","og_locale":"es_ES","og_type":"article","og_title":"Podcast avec St\u00e9phane : Ambass\u2019Acteurs et la nouveaut\u00e9 pour les Fran\u00e7ais \u00e0 l\u2019\u00e9tranger - United Schools","og_description":"Podcast avec St\u00e9phane, co-cr\u00e9ateur de United Schools, sur l\u2019\u00e9ducation globale et la nouvelle mission Ambass\u2019Acteurs d\u00e9di\u00e9e aux Fran\u00e7ais \u00e0 l\u2019\u00e9tranger.","og_url":"https:\/\/www.unitedschools.world\/es\/podcast-avec-stephane-ambassacteurs-et-la-nouveaute-pour-les-francais-a-letranger\/","og_site_name":"United Schools","article_publisher":"https:\/\/www.facebook.com\/unitedschools.world\/","article_published_time":"2025-07-29T14:30:00+00:00","og_image":[{"width":1080,"height":1350,"url":"https:\/\/www.unitedschools.world\/wp-content\/uploads\/2025\/07\/temoignages.jpg","type":"image\/jpeg"}],"author":"Laetitia","twitter_card":"summary_large_image","twitter_creator":"@UnitedSchoolsW","twitter_site":"@UnitedSchoolsW","twitter_misc":{"Escrito por":"Laetitia","Tiempo de lectura":"2 minutos"},"schema":{"@context":"https:\/\/schema.org","@graph":[{"@type":"Article","@id":"https:\/\/www.unitedschools.world\/podcast-avec-stephane-ambassacteurs-et-la-nouveaute-pour-les-francais-a-letranger\/#article","isPartOf":{"@id":"https:\/\/www.unitedschools.world\/podcast-avec-stephane-ambassacteurs-et-la-nouveaute-pour-les-francais-a-letranger\/"},"author":{"name":"Laetitia","@id":"https:\/\/www.unitedschools.world\/#\/schema\/person\/3a144a66c249be9f144f3c491f4ada9e"},"headline":"Podcast avec St\u00e9phane : Ambass\u2019Acteurs et la nouveaut\u00e9 pour les Fran\u00e7ais \u00e0 l\u2019\u00e9tranger","datePublished":"2025-07-29T14:30:00+00:00","mainEntityOfPage":{"@id":"https:\/\/www.unitedschools.world\/podcast-avec-stephane-ambassacteurs-et-la-nouveaute-pour-les-francais-a-letranger\/"},"wordCount":316,"publisher":{"@id":"https:\/\/www.unitedschools.world\/#organization"},"image":{"@id":"https:\/\/www.unitedschools.world\/podcast-avec-stephane-ambassacteurs-et-la-nouveaute-pour-les-francais-a-letranger\/#primaryimage"},"thumbnailUrl":"https:\/\/www.unitedschools.world\/wp-content\/uploads\/2025\/07\/temoignages.jpg","articleSection":["Ambass'Acteurs"],"inLanguage":"es"},{"@type":"WebPage","@id":"https:\/\/www.unitedschools.world\/podcast-avec-stephane-ambassacteurs-et-la-nouveaute-pour-les-francais-a-letranger\/","url":"https:\/\/www.unitedschools.world\/podcast-avec-stephane-ambassacteurs-et-la-nouveaute-pour-les-francais-a-letranger\/","name":"Podcast avec St\u00e9phane : Ambass\u2019Acteurs et la nouveaut\u00e9 pour les Fran\u00e7ais \u00e0 l\u2019\u00e9tranger - United Schools","isPartOf":{"@id":"https:\/\/www.unitedschools.world\/#website"},"primaryImageOfPage":{"@id":"https:\/\/www.unitedschools.world\/podcast-avec-stephane-ambassacteurs-et-la-nouveaute-pour-les-francais-a-letranger\/#primaryimage"},"image":{"@id":"https:\/\/www.unitedschools.world\/podcast-avec-stephane-ambassacteurs-et-la-nouveaute-pour-les-francais-a-letranger\/#primaryimage"},"thumbnailUrl":"https:\/\/www.unitedschools.world\/wp-content\/uploads\/2025\/07\/temoignages.jpg","datePublished":"2025-07-29T14:30:00+00:00","description":"Podcast avec St\u00e9phane, co-cr\u00e9ateur de United Schools, sur l\u2019\u00e9ducation globale et la nouvelle mission Ambass\u2019Acteurs d\u00e9di\u00e9e aux Fran\u00e7ais \u00e0 l\u2019\u00e9tranger.","breadcrumb":{"@id":"https:\/\/www.unitedschools.world\/podcast-avec-stephane-ambassacteurs-et-la-nouveaute-pour-les-francais-a-letranger\/#breadcrumb"},"inLanguage":"es","potentialAction":[{"@type":"ReadAction","target":["https:\/\/www.unitedschools.world\/podcast-avec-stephane-ambassacteurs-et-la-nouveaute-pour-les-francais-a-letranger\/"]}]},{"@type":"ImageObject","inLanguage":"es","@id":"https:\/\/www.unitedschools.world\/podcast-avec-stephane-ambassacteurs-et-la-nouveaute-pour-les-francais-a-letranger\/#primaryimage","url":"https:\/\/www.unitedschools.world\/wp-content\/uploads\/2025\/07\/temoignages.jpg","contentUrl":"https:\/\/www.unitedschools.world\/wp-content\/uploads\/2025\/07\/temoignages.jpg","width":1080,"height":1350},{"@type":"BreadcrumbList","@id":"https:\/\/www.unitedschools.world\/podcast-avec-stephane-ambassacteurs-et-la-nouveaute-pour-les-francais-a-letranger\/#breadcrumb","itemListElement":[{"@type":"ListItem","position":1,"name":"Accueil","item":"https:\/\/www.unitedschools.world\/"},{"@type":"ListItem","position":2,"name":"Podcast avec St\u00e9phane : Ambass\u2019Acteurs et la nouveaut\u00e9 pour les Fran\u00e7ais \u00e0 l\u2019\u00e9tranger"}]},{"@type":"WebSite","@id":"https:\/\/www.unitedschools.world\/#website","url":"https:\/\/www.unitedschools.world\/","name":"United Schools","description":"One world to share","publisher":{"@id":"https:\/\/www.unitedschools.world\/#organization"},"potentialAction":[{"@type":"SearchAction","target":{"@type":"EntryPoint","urlTemplate":"https:\/\/www.unitedschools.world\/?s={search_term_string}"},"query-input":{"@type":"PropertyValueSpecification","valueRequired":true,"valueName":"search_term_string"}}],"inLanguage":"es"},{"@type":"Organization","@id":"https:\/\/www.unitedschools.world\/#organization","name":"United Schools","url":"https:\/\/www.unitedschools.world\/","logo":{"@type":"ImageObject","inLanguage":"es","@id":"https:\/\/www.unitedschools.world\/#\/schema\/logo\/image\/","url":"https:\/\/www.unitedschools.world\/wp-content\/uploads\/2019\/11\/logoNew.png","contentUrl":"https:\/\/www.unitedschools.world\/wp-content\/uploads\/2019\/11\/logoNew.png","width":1300,"height":182,"caption":"United Schools"},"image":{"@id":"https:\/\/www.unitedschools.world\/#\/schema\/logo\/image\/"},"sameAs":["https:\/\/www.facebook.com\/unitedschools.world\/","https:\/\/x.com\/UnitedSchoolsW","https:\/\/www.instagram.com\/unitedschoolsassociation\/","https:\/\/www.linkedin.com\/company\/united-schools\/"]},{"@type":"Person","@id":"https:\/\/www.unitedschools.world\/#\/schema\/person\/3a144a66c249be9f144f3c491f4ada9e","name":"Laetitia","image":{"@type":"ImageObject","inLanguage":"es","@id":"https:\/\/www.unitedschools.world\/#\/schema\/person\/image\/","url":"https:\/\/secure.gravatar.com\/avatar\/2664020527d09c5701a6a46cd5a1de58d8296333c5e6db14ce6df104129002f2?s=96&d=mm&r=g","contentUrl":"https:\/\/secure.gravatar.com\/avatar\/2664020527d09c5701a6a46cd5a1de58d8296333c5e6db14ce6df104129002f2?s=96&d=mm&r=g","caption":"Laetitia"}}]}},"amp_enabled":true,"_links":{"self":[{"href":"https:\/\/www.unitedschools.world\/es\/wp-json\/wp\/v2\/posts\/5407","targetHints":{"allow":["GET"]}}],"collection":[{"href":"https:\/\/www.unitedschools.world\/es\/wp-json\/wp\/v2\/posts"}],"about":[{"href":"https:\/\/www.unitedschools.world\/es\/wp-json\/wp\/v2\/types\/post"}],"author":[{"embeddable":true,"href":"https:\/\/www.unitedschools.world\/es\/wp-json\/wp\/v2\/users\/12"}],"replies":[{"embeddable":true,"href":"https:\/\/www.unitedschools.world\/es\/wp-json\/wp\/v2\/comments?post=5407"}],"version-history":[{"count":4,"href":"https:\/\/www.unitedschools.world\/es\/wp-json\/wp\/v2\/posts\/5407\/revisions"}],"predecessor-version":[{"id":5414,"href":"https:\/\/www.unitedschools.world\/es\/wp-json\/wp\/v2\/posts\/5407\/revisions\/5414"}],"wp:featuredmedia":[{"embeddable":true,"href":"https:\/\/www.unitedschools.world\/es\/wp-json\/wp\/v2\/media\/5410"}],"wp:attachment":[{"href":"https:\/\/www.unitedschools.world\/es\/wp-json\/wp\/v2\/media?parent=5407"}],"wp:term":[{"taxonomy":"category","embeddable":true,"href":"https:\/\/www.unitedschools.world\/es\/wp-json\/wp\/v2\/categories?post=5407"},{"taxonomy":"post_tag","embeddable":true,"href":"https:\/\/www.unitedschools.world\/es\/wp-json\/wp\/v2\/tags?post=5407"}],"curies":[{"name":"wp","href":"https:\/\/api.w.org\/{rel}","templated":true}]}}