{"id":5091,"date":"2024-07-25T16:13:08","date_gmt":"2024-07-25T14:13:08","guid":{"rendered":"https:\/\/www.unitedschools.world\/?p=5091"},"modified":"2024-07-26T09:07:37","modified_gmt":"2024-07-26T07:07:37","slug":"helene-nouvelle-chargee-de-projets-chez-us","status":"publish","type":"post","link":"https:\/\/www.unitedschools.world\/es\/helene-nouvelle-chargee-de-projets-chez-us\/","title":{"rendered":"H\u00e9l\u00e8ne, nouvelle charg\u00e9e de projets chez US !"},"content":{"rendered":"<p><strong>QUI SUIS-JE&nbsp;?<\/strong><\/p>\n\n\n\n<p>Comme disait la chanson, \u00ab&nbsp;je m\u2019appelle H\u00e9l\u00e8ne&nbsp;\u00bb et j\u2019ai rejoint United Schools le 01\/07\/2024 en tant que Charg\u00e9e de Projets, dans le cadre d\u2019un m\u00e9c\u00e9nat de comp\u00e9tences longue dur\u00e9e (24 mois) propos\u00e9 par la SNCF.<\/p>\n\n\n\n<p>Engag\u00e9e depuis des d\u00e9cennies dans le milieu associatif, et plus particuli\u00e8rement aupr\u00e8s d\u2019enfants et de jeunes ayant des besoins particuliers, rejoindre United Schools \u00e9tait une opportunit\u00e9 de partager avec les enseignants et leurs \u00e9l\u00e8ves mon savoir-faire et mon savoir-\u00eatre qui ont toujours eu pour objectif de contribuer \u00e0 un monde meilleur.<\/p>\n\n\n<div class=\"wp-block-image\">\n<figure class=\"aligncenter size-medium\"><img loading=\"lazy\" decoding=\"async\" width=\"225\" height=\"300\" src=\"https:\/\/www.unitedschools.world\/wp-content\/uploads\/2024\/07\/WhatsApp-Image-2024-07-25-at-16.11.30-1-225x300.jpeg\" alt=\"\" class=\"wp-image-5095\" srcset=\"https:\/\/www.unitedschools.world\/wp-content\/uploads\/2024\/07\/WhatsApp-Image-2024-07-25-at-16.11.30-1-225x300.jpeg 225w, https:\/\/www.unitedschools.world\/wp-content\/uploads\/2024\/07\/WhatsApp-Image-2024-07-25-at-16.11.30-1-768x1024.jpeg 768w, https:\/\/www.unitedschools.world\/wp-content\/uploads\/2024\/07\/WhatsApp-Image-2024-07-25-at-16.11.30-1-1152x1536.jpeg 1152w, https:\/\/www.unitedschools.world\/wp-content\/uploads\/2024\/07\/WhatsApp-Image-2024-07-25-at-16.11.30-1-9x12.jpeg 9w, https:\/\/www.unitedschools.world\/wp-content\/uploads\/2024\/07\/WhatsApp-Image-2024-07-25-at-16.11.30-1-600x800.jpeg 600w, https:\/\/www.unitedschools.world\/wp-content\/uploads\/2024\/07\/WhatsApp-Image-2024-07-25-at-16.11.30-1.jpeg 1500w\" sizes=\"auto, (max-width: 225px) 100vw, 225px\" \/><\/figure><\/div>\n\n\n<div style=\"height:30px\" aria-hidden=\"true\" class=\"wp-block-spacer\"><\/div>\n\n\n\n<p><strong>QUELLES SERONT MES PRINCIPALES MISSIONS CHEZ UNITED SCHOOLS&nbsp;?<\/strong><\/p>\n\n\n\n<div style=\"height:15px\" aria-hidden=\"true\" class=\"wp-block-spacer\"><\/div>\n\n\n\n<p><strong>1\/ Accompagner les Enseignants et les Animateurs en France<\/strong><\/p>\n\n\n\n<ul class=\"wp-block-list\">\n<li>Formation et appui \u00e0 l\u2019utilisation de la plateforme \u00e0 distance (en individuel ou en groupe).<\/li>\n\n\n\n<li>Inspiration des utilisateurs.<\/li>\n\n\n\n<li>Suivi des d\u00e9fis\/challenges.<\/li>\n<\/ul>\n\n\n\n<p><strong>2\/ Animer la Communaut\u00e9<\/strong><\/p>\n\n\n\n<ul class=\"wp-block-list\">\n<li>Cr\u00e9ation de liens entre les classes du monde.<\/li>\n\n\n\n<li>Stimulation des professeurs et \u00e9l\u00e8ves en manque d\u2019inspiration.<\/li>\n<\/ul>\n\n\n\n<p><\/p>\n\n\n\n<p><strong>3\/ Faire vivre le site internet et les r\u00e9seaux sociaux de l\u2019association<\/strong><\/p>\n\n\n\n<ul class=\"wp-block-list\">\n<li>Cr\u00e9ation de contenus et informations.<\/li>\n\n\n\n<li>Animation des pages sur nos r\u00e9seaux sociaux (Facebook, Instagram, LinkedIn).<\/li>\n\n\n\n<li>R\u00e9daction d\u2019articles de Blog.<\/li>\n<\/ul>\n\n\n\n<p><\/p>\n\n\n\n<p>Et aussi\u2026<\/p>\n\n\n\n<p>Venir en appui de nos <strong>Ambass\u2019Acteur.ices<\/strong><\/p>\n\n\n\n<p>Et surtout\u2026<\/p>\n\n\n\n<p>Donner envie \u00e0 tous les utilisateur.ices d\u2019\u00e9voluer et de s\u2019\u00e9panouir dans la <strong>communaut\u00e9 United Schools<\/strong> !<\/p>","protected":false},"excerpt":{"rendered":"<p>QUI SUIS-JE&nbsp;? Comme disait la chanson, \u00ab&nbsp;je m\u2019appelle H\u00e9l\u00e8ne&nbsp;\u00bb et j\u2019ai rejoint United Schools le 01\/07\/2024 en tant que Charg\u00e9e de Projets, dans le cadre d\u2019un m\u00e9c\u00e9nat de comp\u00e9tences longue dur\u00e9e (24 mois) propos\u00e9 par la SNCF. Engag\u00e9e depuis des d\u00e9cennies dans le milieu associatif, et plus particuli\u00e8rement aupr\u00e8s d\u2019enfants et de jeunes ayant des besoins particuliers, rejoindre United Schools [&hellip;]<\/p>","protected":false},"author":11,"featured_media":5098,"comment_status":"closed","ping_status":"open","sticky":false,"template":"","format":"standard","meta":{"footnotes":""},"categories":[1],"tags":[],"class_list":["post-5091","post","type-post","status-publish","format-standard","has-post-thumbnail","hentry","category-non-classe"],"yoast_head":"<!-- This site is optimized with the Yoast SEO plugin v26.1 - https:\/\/yoast.com\/wordpress\/plugins\/seo\/ -->\n<title>H\u00e9l\u00e8ne, nouvelle charg\u00e9e de projets chez US ! - United Schools<\/title>\n<meta name=\"robots\" content=\"index, follow, max-snippet:-1, max-image-preview:large, max-video-preview:-1\" \/>\n<link rel=\"canonical\" href=\"https:\/\/www.unitedschools.world\/es\/helene-nouvelle-chargee-de-projets-chez-us\/\" \/>\n<meta property=\"og:locale\" content=\"es_ES\" \/>\n<meta property=\"og:type\" content=\"article\" \/>\n<meta property=\"og:title\" content=\"H\u00e9l\u00e8ne, nouvelle charg\u00e9e de projets chez US ! - United Schools\" \/>\n<meta property=\"og:description\" content=\"QUI SUIS-JE&nbsp;? Comme disait la chanson, \u00ab&nbsp;je m\u2019appelle H\u00e9l\u00e8ne&nbsp;\u00bb et j\u2019ai rejoint United Schools le 01\/07\/2024 en tant que Charg\u00e9e de Projets, dans le cadre d\u2019un m\u00e9c\u00e9nat de comp\u00e9tences longue dur\u00e9e (24 mois) propos\u00e9 par la SNCF. Engag\u00e9e depuis des d\u00e9cennies dans le milieu associatif, et plus particuli\u00e8rement aupr\u00e8s d\u2019enfants et de jeunes ayant des besoins particuliers, rejoindre United Schools [&hellip;]\" \/>\n<meta property=\"og:url\" content=\"https:\/\/www.unitedschools.world\/es\/helene-nouvelle-chargee-de-projets-chez-us\/\" \/>\n<meta property=\"og:site_name\" content=\"United Schools\" \/>\n<meta property=\"article:publisher\" content=\"https:\/\/www.facebook.com\/unitedschools.world\/\" \/>\n<meta property=\"article:published_time\" content=\"2024-07-25T14:13:08+00:00\" \/>\n<meta property=\"article:modified_time\" content=\"2024-07-26T07:07:37+00:00\" \/>\n<meta property=\"og:image\" content=\"https:\/\/www.unitedschools.world\/wp-content\/uploads\/2024\/07\/WhatsApp-Image-2024-07-03-at-11.40.171small-1.jpg\" \/>\n\t<meta property=\"og:image:width\" content=\"348\" \/>\n\t<meta property=\"og:image:height\" content=\"361\" \/>\n\t<meta property=\"og:image:type\" content=\"image\/jpeg\" \/>\n<meta name=\"author\" content=\"H\u00e9l\u00e8ne\" \/>\n<meta name=\"twitter:card\" content=\"summary_large_image\" \/>\n<meta name=\"twitter:creator\" content=\"@UnitedSchoolsW\" \/>\n<meta name=\"twitter:site\" content=\"@UnitedSchoolsW\" \/>\n<meta name=\"twitter:label1\" content=\"Escrito por\" \/>\n\t<meta name=\"twitter:data1\" content=\"H\u00e9l\u00e8ne\" \/>\n\t<meta name=\"twitter:label2\" content=\"Tiempo de lectura\" \/>\n\t<meta name=\"twitter:data2\" content=\"2 minutos\" \/>\n<script type=\"application\/ld+json\" class=\"yoast-schema-graph\">{\"@context\":\"https:\/\/schema.org\",\"@graph\":[{\"@type\":\"Article\",\"@id\":\"https:\/\/www.unitedschools.world\/helene-nouvelle-chargee-de-projets-chez-us\/#article\",\"isPartOf\":{\"@id\":\"https:\/\/www.unitedschools.world\/helene-nouvelle-chargee-de-projets-chez-us\/\"},\"author\":{\"name\":\"H\u00e9l\u00e8ne\",\"@id\":\"https:\/\/www.unitedschools.world\/#\/schema\/person\/29b1a42aa23bd8b60e710225267b8ab6\"},\"headline\":\"H\u00e9l\u00e8ne, nouvelle charg\u00e9e de projets chez US !\",\"datePublished\":\"2024-07-25T14:13:08+00:00\",\"dateModified\":\"2024-07-26T07:07:37+00:00\",\"mainEntityOfPage\":{\"@id\":\"https:\/\/www.unitedschools.world\/helene-nouvelle-chargee-de-projets-chez-us\/\"},\"wordCount\":241,\"publisher\":{\"@id\":\"https:\/\/www.unitedschools.world\/#organization\"},\"image\":{\"@id\":\"https:\/\/www.unitedschools.world\/helene-nouvelle-chargee-de-projets-chez-us\/#primaryimage\"},\"thumbnailUrl\":\"https:\/\/www.unitedschools.world\/wp-content\/uploads\/2024\/07\/WhatsApp-Image-2024-07-03-at-11.40.171small-1.jpg\",\"articleSection\":[\"Non class\u00e9\"],\"inLanguage\":\"es\"},{\"@type\":\"WebPage\",\"@id\":\"https:\/\/www.unitedschools.world\/helene-nouvelle-chargee-de-projets-chez-us\/\",\"url\":\"https:\/\/www.unitedschools.world\/helene-nouvelle-chargee-de-projets-chez-us\/\",\"name\":\"H\u00e9l\u00e8ne, nouvelle charg\u00e9e de projets chez US ! - United Schools\",\"isPartOf\":{\"@id\":\"https:\/\/www.unitedschools.world\/#website\"},\"primaryImageOfPage\":{\"@id\":\"https:\/\/www.unitedschools.world\/helene-nouvelle-chargee-de-projets-chez-us\/#primaryimage\"},\"image\":{\"@id\":\"https:\/\/www.unitedschools.world\/helene-nouvelle-chargee-de-projets-chez-us\/#primaryimage\"},\"thumbnailUrl\":\"https:\/\/www.unitedschools.world\/wp-content\/uploads\/2024\/07\/WhatsApp-Image-2024-07-03-at-11.40.171small-1.jpg\",\"datePublished\":\"2024-07-25T14:13:08+00:00\",\"dateModified\":\"2024-07-26T07:07:37+00:00\",\"breadcrumb\":{\"@id\":\"https:\/\/www.unitedschools.world\/helene-nouvelle-chargee-de-projets-chez-us\/#breadcrumb\"},\"inLanguage\":\"es\",\"potentialAction\":[{\"@type\":\"ReadAction\",\"target\":[\"https:\/\/www.unitedschools.world\/helene-nouvelle-chargee-de-projets-chez-us\/\"]}]},{\"@type\":\"ImageObject\",\"inLanguage\":\"es\",\"@id\":\"https:\/\/www.unitedschools.world\/helene-nouvelle-chargee-de-projets-chez-us\/#primaryimage\",\"url\":\"https:\/\/www.unitedschools.world\/wp-content\/uploads\/2024\/07\/WhatsApp-Image-2024-07-03-at-11.40.171small-1.jpg\",\"contentUrl\":\"https:\/\/www.unitedschools.world\/wp-content\/uploads\/2024\/07\/WhatsApp-Image-2024-07-03-at-11.40.171small-1.jpg\",\"width\":348,\"height\":361},{\"@type\":\"BreadcrumbList\",\"@id\":\"https:\/\/www.unitedschools.world\/helene-nouvelle-chargee-de-projets-chez-us\/#breadcrumb\",\"itemListElement\":[{\"@type\":\"ListItem\",\"position\":1,\"name\":\"Accueil\",\"item\":\"https:\/\/www.unitedschools.world\/\"},{\"@type\":\"ListItem\",\"position\":2,\"name\":\"H\u00e9l\u00e8ne, nouvelle charg\u00e9e de projets chez US !\"}]},{\"@type\":\"WebSite\",\"@id\":\"https:\/\/www.unitedschools.world\/#website\",\"url\":\"https:\/\/www.unitedschools.world\/\",\"name\":\"United Schools\",\"description\":\"One world to share\",\"publisher\":{\"@id\":\"https:\/\/www.unitedschools.world\/#organization\"},\"potentialAction\":[{\"@type\":\"SearchAction\",\"target\":{\"@type\":\"EntryPoint\",\"urlTemplate\":\"https:\/\/www.unitedschools.world\/?s={search_term_string}\"},\"query-input\":{\"@type\":\"PropertyValueSpecification\",\"valueRequired\":true,\"valueName\":\"search_term_string\"}}],\"inLanguage\":\"es\"},{\"@type\":\"Organization\",\"@id\":\"https:\/\/www.unitedschools.world\/#organization\",\"name\":\"United Schools\",\"url\":\"https:\/\/www.unitedschools.world\/\",\"logo\":{\"@type\":\"ImageObject\",\"inLanguage\":\"es\",\"@id\":\"https:\/\/www.unitedschools.world\/#\/schema\/logo\/image\/\",\"url\":\"https:\/\/www.unitedschools.world\/wp-content\/uploads\/2019\/11\/logoNew.png\",\"contentUrl\":\"https:\/\/www.unitedschools.world\/wp-content\/uploads\/2019\/11\/logoNew.png\",\"width\":1300,\"height\":182,\"caption\":\"United Schools\"},\"image\":{\"@id\":\"https:\/\/www.unitedschools.world\/#\/schema\/logo\/image\/\"},\"sameAs\":[\"https:\/\/www.facebook.com\/unitedschools.world\/\",\"https:\/\/x.com\/UnitedSchoolsW\",\"https:\/\/www.instagram.com\/unitedschoolsassociation\/\",\"https:\/\/www.linkedin.com\/company\/united-schools\/\"]},{\"@type\":\"Person\",\"@id\":\"https:\/\/www.unitedschools.world\/#\/schema\/person\/29b1a42aa23bd8b60e710225267b8ab6\",\"name\":\"H\u00e9l\u00e8ne\",\"image\":{\"@type\":\"ImageObject\",\"inLanguage\":\"es\",\"@id\":\"https:\/\/www.unitedschools.world\/#\/schema\/person\/image\/\",\"url\":\"https:\/\/secure.gravatar.com\/avatar\/8c09dcce763730095a157723ed470b7dc81fb6ae945de995e3778609ce69463e?s=96&d=mm&r=g\",\"contentUrl\":\"https:\/\/secure.gravatar.com\/avatar\/8c09dcce763730095a157723ed470b7dc81fb6ae945de995e3778609ce69463e?s=96&d=mm&r=g\",\"caption\":\"H\u00e9l\u00e8ne\"}}]}<\/script>\n<!-- \/ Yoast SEO plugin. -->","yoast_head_json":{"title":"H\u00e9l\u00e8ne, nouvelle charg\u00e9e de projets chez US ! - United Schools","robots":{"index":"index","follow":"follow","max-snippet":"max-snippet:-1","max-image-preview":"max-image-preview:large","max-video-preview":"max-video-preview:-1"},"canonical":"https:\/\/www.unitedschools.world\/es\/helene-nouvelle-chargee-de-projets-chez-us\/","og_locale":"es_ES","og_type":"article","og_title":"H\u00e9l\u00e8ne, nouvelle charg\u00e9e de projets chez US ! - United Schools","og_description":"QUI SUIS-JE&nbsp;? Comme disait la chanson, \u00ab&nbsp;je m\u2019appelle H\u00e9l\u00e8ne&nbsp;\u00bb et j\u2019ai rejoint United Schools le 01\/07\/2024 en tant que Charg\u00e9e de Projets, dans le cadre d\u2019un m\u00e9c\u00e9nat de comp\u00e9tences longue dur\u00e9e (24 mois) propos\u00e9 par la SNCF. Engag\u00e9e depuis des d\u00e9cennies dans le milieu associatif, et plus particuli\u00e8rement aupr\u00e8s d\u2019enfants et de jeunes ayant des besoins particuliers, rejoindre United Schools [&hellip;]","og_url":"https:\/\/www.unitedschools.world\/es\/helene-nouvelle-chargee-de-projets-chez-us\/","og_site_name":"United Schools","article_publisher":"https:\/\/www.facebook.com\/unitedschools.world\/","article_published_time":"2024-07-25T14:13:08+00:00","article_modified_time":"2024-07-26T07:07:37+00:00","og_image":[{"width":348,"height":361,"url":"https:\/\/www.unitedschools.world\/wp-content\/uploads\/2024\/07\/WhatsApp-Image-2024-07-03-at-11.40.171small-1.jpg","type":"image\/jpeg"}],"author":"H\u00e9l\u00e8ne","twitter_card":"summary_large_image","twitter_creator":"@UnitedSchoolsW","twitter_site":"@UnitedSchoolsW","twitter_misc":{"Escrito por":"H\u00e9l\u00e8ne","Tiempo de lectura":"2 minutos"},"schema":{"@context":"https:\/\/schema.org","@graph":[{"@type":"Article","@id":"https:\/\/www.unitedschools.world\/helene-nouvelle-chargee-de-projets-chez-us\/#article","isPartOf":{"@id":"https:\/\/www.unitedschools.world\/helene-nouvelle-chargee-de-projets-chez-us\/"},"author":{"name":"H\u00e9l\u00e8ne","@id":"https:\/\/www.unitedschools.world\/#\/schema\/person\/29b1a42aa23bd8b60e710225267b8ab6"},"headline":"H\u00e9l\u00e8ne, nouvelle charg\u00e9e de projets chez US !","datePublished":"2024-07-25T14:13:08+00:00","dateModified":"2024-07-26T07:07:37+00:00","mainEntityOfPage":{"@id":"https:\/\/www.unitedschools.world\/helene-nouvelle-chargee-de-projets-chez-us\/"},"wordCount":241,"publisher":{"@id":"https:\/\/www.unitedschools.world\/#organization"},"image":{"@id":"https:\/\/www.unitedschools.world\/helene-nouvelle-chargee-de-projets-chez-us\/#primaryimage"},"thumbnailUrl":"https:\/\/www.unitedschools.world\/wp-content\/uploads\/2024\/07\/WhatsApp-Image-2024-07-03-at-11.40.171small-1.jpg","articleSection":["Non class\u00e9"],"inLanguage":"es"},{"@type":"WebPage","@id":"https:\/\/www.unitedschools.world\/helene-nouvelle-chargee-de-projets-chez-us\/","url":"https:\/\/www.unitedschools.world\/helene-nouvelle-chargee-de-projets-chez-us\/","name":"H\u00e9l\u00e8ne, nouvelle charg\u00e9e de projets chez US ! - United Schools","isPartOf":{"@id":"https:\/\/www.unitedschools.world\/#website"},"primaryImageOfPage":{"@id":"https:\/\/www.unitedschools.world\/helene-nouvelle-chargee-de-projets-chez-us\/#primaryimage"},"image":{"@id":"https:\/\/www.unitedschools.world\/helene-nouvelle-chargee-de-projets-chez-us\/#primaryimage"},"thumbnailUrl":"https:\/\/www.unitedschools.world\/wp-content\/uploads\/2024\/07\/WhatsApp-Image-2024-07-03-at-11.40.171small-1.jpg","datePublished":"2024-07-25T14:13:08+00:00","dateModified":"2024-07-26T07:07:37+00:00","breadcrumb":{"@id":"https:\/\/www.unitedschools.world\/helene-nouvelle-chargee-de-projets-chez-us\/#breadcrumb"},"inLanguage":"es","potentialAction":[{"@type":"ReadAction","target":["https:\/\/www.unitedschools.world\/helene-nouvelle-chargee-de-projets-chez-us\/"]}]},{"@type":"ImageObject","inLanguage":"es","@id":"https:\/\/www.unitedschools.world\/helene-nouvelle-chargee-de-projets-chez-us\/#primaryimage","url":"https:\/\/www.unitedschools.world\/wp-content\/uploads\/2024\/07\/WhatsApp-Image-2024-07-03-at-11.40.171small-1.jpg","contentUrl":"https:\/\/www.unitedschools.world\/wp-content\/uploads\/2024\/07\/WhatsApp-Image-2024-07-03-at-11.40.171small-1.jpg","width":348,"height":361},{"@type":"BreadcrumbList","@id":"https:\/\/www.unitedschools.world\/helene-nouvelle-chargee-de-projets-chez-us\/#breadcrumb","itemListElement":[{"@type":"ListItem","position":1,"name":"Accueil","item":"https:\/\/www.unitedschools.world\/"},{"@type":"ListItem","position":2,"name":"H\u00e9l\u00e8ne, nouvelle charg\u00e9e de projets chez US !"}]},{"@type":"WebSite","@id":"https:\/\/www.unitedschools.world\/#website","url":"https:\/\/www.unitedschools.world\/","name":"United Schools","description":"One world to share","publisher":{"@id":"https:\/\/www.unitedschools.world\/#organization"},"potentialAction":[{"@type":"SearchAction","target":{"@type":"EntryPoint","urlTemplate":"https:\/\/www.unitedschools.world\/?s={search_term_string}"},"query-input":{"@type":"PropertyValueSpecification","valueRequired":true,"valueName":"search_term_string"}}],"inLanguage":"es"},{"@type":"Organization","@id":"https:\/\/www.unitedschools.world\/#organization","name":"United Schools","url":"https:\/\/www.unitedschools.world\/","logo":{"@type":"ImageObject","inLanguage":"es","@id":"https:\/\/www.unitedschools.world\/#\/schema\/logo\/image\/","url":"https:\/\/www.unitedschools.world\/wp-content\/uploads\/2019\/11\/logoNew.png","contentUrl":"https:\/\/www.unitedschools.world\/wp-content\/uploads\/2019\/11\/logoNew.png","width":1300,"height":182,"caption":"United Schools"},"image":{"@id":"https:\/\/www.unitedschools.world\/#\/schema\/logo\/image\/"},"sameAs":["https:\/\/www.facebook.com\/unitedschools.world\/","https:\/\/x.com\/UnitedSchoolsW","https:\/\/www.instagram.com\/unitedschoolsassociation\/","https:\/\/www.linkedin.com\/company\/united-schools\/"]},{"@type":"Person","@id":"https:\/\/www.unitedschools.world\/#\/schema\/person\/29b1a42aa23bd8b60e710225267b8ab6","name":"H\u00e9l\u00e8ne","image":{"@type":"ImageObject","inLanguage":"es","@id":"https:\/\/www.unitedschools.world\/#\/schema\/person\/image\/","url":"https:\/\/secure.gravatar.com\/avatar\/8c09dcce763730095a157723ed470b7dc81fb6ae945de995e3778609ce69463e?s=96&d=mm&r=g","contentUrl":"https:\/\/secure.gravatar.com\/avatar\/8c09dcce763730095a157723ed470b7dc81fb6ae945de995e3778609ce69463e?s=96&d=mm&r=g","caption":"H\u00e9l\u00e8ne"}}]}},"amp_enabled":true,"_links":{"self":[{"href":"https:\/\/www.unitedschools.world\/es\/wp-json\/wp\/v2\/posts\/5091","targetHints":{"allow":["GET"]}}],"collection":[{"href":"https:\/\/www.unitedschools.world\/es\/wp-json\/wp\/v2\/posts"}],"about":[{"href":"https:\/\/www.unitedschools.world\/es\/wp-json\/wp\/v2\/types\/post"}],"author":[{"embeddable":true,"href":"https:\/\/www.unitedschools.world\/es\/wp-json\/wp\/v2\/users\/11"}],"replies":[{"embeddable":true,"href":"https:\/\/www.unitedschools.world\/es\/wp-json\/wp\/v2\/comments?post=5091"}],"version-history":[{"count":10,"href":"https:\/\/www.unitedschools.world\/es\/wp-json\/wp\/v2\/posts\/5091\/revisions"}],"predecessor-version":[{"id":5111,"href":"https:\/\/www.unitedschools.world\/es\/wp-json\/wp\/v2\/posts\/5091\/revisions\/5111"}],"wp:featuredmedia":[{"embeddable":true,"href":"https:\/\/www.unitedschools.world\/es\/wp-json\/wp\/v2\/media\/5098"}],"wp:attachment":[{"href":"https:\/\/www.unitedschools.world\/es\/wp-json\/wp\/v2\/media?parent=5091"}],"wp:term":[{"taxonomy":"category","embeddable":true,"href":"https:\/\/www.unitedschools.world\/es\/wp-json\/wp\/v2\/categories?post=5091"},{"taxonomy":"post_tag","embeddable":true,"href":"https:\/\/www.unitedschools.world\/es\/wp-json\/wp\/v2\/tags?post=5091"}],"curies":[{"name":"wp","href":"https:\/\/api.w.org\/{rel}","templated":true}]}}