{"id":5418,"date":"2025-07-16T17:00:00","date_gmt":"2025-07-16T15:00:00","guid":{"rendered":"https:\/\/www.unitedschools.world\/?p=5418"},"modified":"2025-07-29T10:53:22","modified_gmt":"2025-07-29T08:53:22","slug":"une-ouverture-sur-le-monde-au-college-ferdinand-buisson-grace-a-united-schools","status":"publish","type":"post","link":"https:\/\/www.unitedschools.world\/en\/une-ouverture-sur-le-monde-au-college-ferdinand-buisson-grace-a-united-schools\/","title":{"rendered":"Une ouverture sur le monde au coll\u00e8ge Ferdinand Buisson gr\u00e2ce \u00e0 United Schools"},"content":{"rendered":"<p>Sophie, professeure de SVT au coll\u00e8ge Ferdinand Buisson (Essonne), conna\u00eet United Schools depuis 3 ans. Elle a permis \u00e0 son \u00e9tablissement de rejoindre ce r\u00e9seau \u00e9ducatif international.<br>Le coll\u00e8ge dispose d\u00e9sormais d\u2019une page d\u00e9di\u00e9e permettant de relayer des actions en lien avec n\u2019importe quel Objectif de D\u00e9veloppement Durable (ODD).<\/p>\n\n\n\n<blockquote class=\"wp-block-quote is-layout-flow wp-block-quote-is-layout-flow\">\n<p>\u00ab Les \u00e9l\u00e8ves savent qu\u2019il est possible d\u2019inspirer d\u2019autres jeunes \u00e0 travers le monde par leurs projets. Et la r\u00e9ciproque est formidable. \u00bb<\/p>\n<\/blockquote>\n\n\n\n<p>Ses \u00e9co-d\u00e9l\u00e9gu\u00e9s, qui se sont rapidement saisis de l\u2019outil, peuvent ainsi d\u00e9couvrir d\u2019autres cultures, s\u2019ouvrir \u00e0 des univers tr\u00e8s diff\u00e9rents du leur, am\u00e9liorer leur compr\u00e9hension des langues \u00e9tudi\u00e9es en classe, et trouver de l\u2019inspiration sur des th\u00e9matiques communes.<br>Sophie raconte :<\/p>\n\n\n\n<blockquote class=\"wp-block-quote is-layout-flow wp-block-quote-is-layout-flow\">\n<p>\u00ab Il faut voir les \u00e9l\u00e8ves \u00e9couter leurs homologues dans des cours d\u2019\u00e9cole africaines ou sud-am\u00e9ricaines\u2026 Leurs yeux s\u2019\u00e9carquillent, leurs sourires se dessinent, leur motivation augmente ! \u00bb<\/p>\n<\/blockquote>\n\n\n\n<h3 class=\"wp-block-heading\">Un accompagnement r\u00e9el et efficace<\/h3>\n\n\n\n<p>Sophie souligne \u00e9galement l\u2019importance de l\u2019accompagnement de l\u2019\u00e9quipe United Schools :<\/p>\n\n\n\n<blockquote class=\"wp-block-quote is-layout-flow wp-block-quote-is-layout-flow\">\n<p>\u00ab On m\u2019a toujours r\u00e9pondu dans les 24h, et j\u2019ai eu, \u00e0 chaque fois, le soulagement d\u2019\u00eatre accompagn\u00e9e dans la r\u00e9solution d\u2019un souci rencontr\u00e9. \u00bb<\/p>\n<\/blockquote>\n\n\n\n<p>L\u2019association propose r\u00e9guli\u00e8rement des d\u00e9fis sur des th\u00e9matiques vari\u00e9es pour mobiliser les \u00e9l\u00e8ves, ainsi que des supports p\u00e9dagogiques et ludiques \u00e0 disposition des enseignants.<br>Une communaut\u00e9 WhatsApp permet aux professeurs engag\u00e9s dans le r\u00e9seau d\u2019\u00eatre inform\u00e9s en temps r\u00e9el des d\u00e9fis en cours, des publications marquantes \u00e0 montrer en classe, ou encore d\u2019\u00e9changer avec d\u2019autres enseignants. Des visios permettent aussi de cr\u00e9er du lien, comme la derni\u00e8re organis\u00e9e il y a deux semaines.<\/p>\n\n\n\n<h3 class=\"wp-block-heading\">Un appui pr\u00e9cieux pour faire avancer les projets<\/h3>\n\n\n\n<p>L\u2019ann\u00e9e derni\u00e8re, les \u00e9co-d\u00e9l\u00e9gu\u00e9s de Sophie avaient pour ambition de cr\u00e9er des podcasts sur les ODD. Lorsqu\u2019une baisse de motivation s\u2019est faite sentir, elle a sollicit\u00e9 St\u00e9phane Ollagnier, cofondateur de United Schools.<\/p>\n\n\n\n<blockquote class=\"wp-block-quote is-layout-flow wp-block-quote-is-layout-flow\">\n<p>\u00ab Il a accept\u00e9 une visio avec eux, leur a pr\u00e9sent\u00e9 l\u2019association, quelques \u00e9coles partenaires, et promis de mettre en valeur leur travail s\u2019ils menaient leur projet jusqu\u2019au bout. \u00bb<\/p>\n<\/blockquote>\n\n\n\n<h3 class=\"wp-block-heading\">Un partenaire E3D unique par son ouverture internationale<\/h3>\n\n\n\n<p>Pour Sophie, United Schools est un partenaire cl\u00e9 de l\u2019E3D au sein de son coll\u00e8ge :<\/p>\n\n\n\n<blockquote class=\"wp-block-quote is-layout-flow wp-block-quote-is-layout-flow\">\n<p>\u00ab C\u2019est le seul partenaire r\u00e9ellement ouvert sur le monde entier, et capable d\u2019en faire profiter concr\u00e8tement les \u00e9l\u00e8ves. \u00bb<\/p>\n<\/blockquote>\n\n\n\n<p>Et de conclure :<\/p>\n\n\n\n<blockquote class=\"wp-block-quote is-layout-flow wp-block-quote-is-layout-flow\">\n<p>\u00ab Si l\u2019Agenda 2030 est un programme universel pour le d\u00e9veloppement durable, rien de tel qu\u2019une si belle ouverture sur des projets divers, mis en \u0153uvre par des \u00e9l\u00e8ves mobilis\u00e9s \u00e0 travers le monde ! \u00bb<\/p>\n<\/blockquote>","protected":false},"excerpt":{"rendered":"<p>Sophie, professeure de SVT au coll\u00e8ge Ferdinand Buisson (Essonne), conna\u00eet United Schools depuis 3 ans. Elle a permis \u00e0 son \u00e9tablissement de rejoindre ce r\u00e9seau \u00e9ducatif international.Le coll\u00e8ge dispose d\u00e9sormais d\u2019une page d\u00e9di\u00e9e permettant de relayer des actions en lien avec n\u2019importe quel Objectif de D\u00e9veloppement Durable (ODD). \u00ab Les \u00e9l\u00e8ves savent qu\u2019il est possible d\u2019inspirer d\u2019autres jeunes \u00e0 travers [&hellip;]<\/p>","protected":false},"author":12,"featured_media":5420,"comment_status":"closed","ping_status":"open","sticky":false,"template":"","format":"standard","meta":{"footnotes":""},"categories":[178],"tags":[],"class_list":["post-5418","post","type-post","status-publish","format-standard","has-post-thumbnail","hentry","category-pedagogie"],"yoast_head":"<!-- This site is optimized with the Yoast SEO plugin v26.1 - https:\/\/yoast.com\/wordpress\/plugins\/seo\/ -->\n<title>Une ouverture sur le monde au coll\u00e8ge Ferdinand Buisson gr\u00e2ce \u00e0 United Schools - United Schools<\/title>\n<meta name=\"robots\" content=\"index, follow, max-snippet:-1, max-image-preview:large, max-video-preview:-1\" \/>\n<link rel=\"canonical\" href=\"https:\/\/www.unitedschools.world\/en\/une-ouverture-sur-le-monde-au-college-ferdinand-buisson-grace-a-united-schools\/\" \/>\n<meta property=\"og:locale\" content=\"en_US\" \/>\n<meta property=\"og:type\" content=\"article\" \/>\n<meta property=\"og:title\" content=\"Une ouverture sur le monde au coll\u00e8ge Ferdinand Buisson gr\u00e2ce \u00e0 United Schools - United Schools\" \/>\n<meta property=\"og:description\" content=\"Sophie, professeure de SVT au coll\u00e8ge Ferdinand Buisson (Essonne), conna\u00eet United Schools depuis 3 ans. Elle a permis \u00e0 son \u00e9tablissement de rejoindre ce r\u00e9seau \u00e9ducatif international.Le coll\u00e8ge dispose d\u00e9sormais d\u2019une page d\u00e9di\u00e9e permettant de relayer des actions en lien avec n\u2019importe quel Objectif de D\u00e9veloppement Durable (ODD). \u00ab Les \u00e9l\u00e8ves savent qu\u2019il est possible d\u2019inspirer d\u2019autres jeunes \u00e0 travers [&hellip;]\" \/>\n<meta property=\"og:url\" content=\"https:\/\/www.unitedschools.world\/en\/une-ouverture-sur-le-monde-au-college-ferdinand-buisson-grace-a-united-schools\/\" \/>\n<meta property=\"og:site_name\" content=\"United Schools\" \/>\n<meta property=\"article:publisher\" content=\"https:\/\/www.facebook.com\/unitedschools.world\/\" \/>\n<meta property=\"article:published_time\" content=\"2025-07-16T15:00:00+00:00\" \/>\n<meta property=\"article:modified_time\" content=\"2025-07-29T08:53:22+00:00\" \/>\n<meta property=\"og:image\" content=\"https:\/\/www.unitedschools.world\/wp-content\/uploads\/2025\/07\/1.jpg\" \/>\n\t<meta property=\"og:image:width\" content=\"1080\" \/>\n\t<meta property=\"og:image:height\" content=\"1350\" \/>\n\t<meta property=\"og:image:type\" content=\"image\/jpeg\" \/>\n<meta name=\"author\" content=\"Laetitia\" \/>\n<meta name=\"twitter:card\" content=\"summary_large_image\" \/>\n<meta name=\"twitter:creator\" content=\"@UnitedSchoolsW\" \/>\n<meta name=\"twitter:site\" content=\"@UnitedSchoolsW\" \/>\n<meta name=\"twitter:label1\" content=\"Written by\" \/>\n\t<meta name=\"twitter:data1\" content=\"Laetitia\" \/>\n\t<meta name=\"twitter:label2\" content=\"Est. reading time\" \/>\n\t<meta name=\"twitter:data2\" content=\"2 minutes\" \/>\n<script type=\"application\/ld+json\" class=\"yoast-schema-graph\">{\"@context\":\"https:\/\/schema.org\",\"@graph\":[{\"@type\":\"Article\",\"@id\":\"https:\/\/www.unitedschools.world\/une-ouverture-sur-le-monde-au-college-ferdinand-buisson-grace-a-united-schools\/#article\",\"isPartOf\":{\"@id\":\"https:\/\/www.unitedschools.world\/une-ouverture-sur-le-monde-au-college-ferdinand-buisson-grace-a-united-schools\/\"},\"author\":{\"name\":\"Laetitia\",\"@id\":\"https:\/\/www.unitedschools.world\/#\/schema\/person\/3a144a66c249be9f144f3c491f4ada9e\"},\"headline\":\"Une ouverture sur le monde au coll\u00e8ge Ferdinand Buisson gr\u00e2ce \u00e0 United Schools\",\"datePublished\":\"2025-07-16T15:00:00+00:00\",\"dateModified\":\"2025-07-29T08:53:22+00:00\",\"mainEntityOfPage\":{\"@id\":\"https:\/\/www.unitedschools.world\/une-ouverture-sur-le-monde-au-college-ferdinand-buisson-grace-a-united-schools\/\"},\"wordCount\":488,\"publisher\":{\"@id\":\"https:\/\/www.unitedschools.world\/#organization\"},\"image\":{\"@id\":\"https:\/\/www.unitedschools.world\/une-ouverture-sur-le-monde-au-college-ferdinand-buisson-grace-a-united-schools\/#primaryimage\"},\"thumbnailUrl\":\"https:\/\/www.unitedschools.world\/wp-content\/uploads\/2025\/07\/1.jpg\",\"articleSection\":[\"P\u00e9dagogie\"],\"inLanguage\":\"en-US\"},{\"@type\":\"WebPage\",\"@id\":\"https:\/\/www.unitedschools.world\/une-ouverture-sur-le-monde-au-college-ferdinand-buisson-grace-a-united-schools\/\",\"url\":\"https:\/\/www.unitedschools.world\/une-ouverture-sur-le-monde-au-college-ferdinand-buisson-grace-a-united-schools\/\",\"name\":\"Une ouverture sur le monde au coll\u00e8ge Ferdinand Buisson gr\u00e2ce \u00e0 United Schools - United Schools\",\"isPartOf\":{\"@id\":\"https:\/\/www.unitedschools.world\/#website\"},\"primaryImageOfPage\":{\"@id\":\"https:\/\/www.unitedschools.world\/une-ouverture-sur-le-monde-au-college-ferdinand-buisson-grace-a-united-schools\/#primaryimage\"},\"image\":{\"@id\":\"https:\/\/www.unitedschools.world\/une-ouverture-sur-le-monde-au-college-ferdinand-buisson-grace-a-united-schools\/#primaryimage\"},\"thumbnailUrl\":\"https:\/\/www.unitedschools.world\/wp-content\/uploads\/2025\/07\/1.jpg\",\"datePublished\":\"2025-07-16T15:00:00+00:00\",\"dateModified\":\"2025-07-29T08:53:22+00:00\",\"breadcrumb\":{\"@id\":\"https:\/\/www.unitedschools.world\/une-ouverture-sur-le-monde-au-college-ferdinand-buisson-grace-a-united-schools\/#breadcrumb\"},\"inLanguage\":\"en-US\",\"potentialAction\":[{\"@type\":\"ReadAction\",\"target\":[\"https:\/\/www.unitedschools.world\/une-ouverture-sur-le-monde-au-college-ferdinand-buisson-grace-a-united-schools\/\"]}]},{\"@type\":\"ImageObject\",\"inLanguage\":\"en-US\",\"@id\":\"https:\/\/www.unitedschools.world\/une-ouverture-sur-le-monde-au-college-ferdinand-buisson-grace-a-united-schools\/#primaryimage\",\"url\":\"https:\/\/www.unitedschools.world\/wp-content\/uploads\/2025\/07\/1.jpg\",\"contentUrl\":\"https:\/\/www.unitedschools.world\/wp-content\/uploads\/2025\/07\/1.jpg\",\"width\":1080,\"height\":1350},{\"@type\":\"BreadcrumbList\",\"@id\":\"https:\/\/www.unitedschools.world\/une-ouverture-sur-le-monde-au-college-ferdinand-buisson-grace-a-united-schools\/#breadcrumb\",\"itemListElement\":[{\"@type\":\"ListItem\",\"position\":1,\"name\":\"Accueil\",\"item\":\"https:\/\/www.unitedschools.world\/\"},{\"@type\":\"ListItem\",\"position\":2,\"name\":\"Une ouverture sur le monde au coll\u00e8ge Ferdinand Buisson gr\u00e2ce \u00e0 United Schools\"}]},{\"@type\":\"WebSite\",\"@id\":\"https:\/\/www.unitedschools.world\/#website\",\"url\":\"https:\/\/www.unitedschools.world\/\",\"name\":\"United Schools\",\"description\":\"One world to share\",\"publisher\":{\"@id\":\"https:\/\/www.unitedschools.world\/#organization\"},\"potentialAction\":[{\"@type\":\"SearchAction\",\"target\":{\"@type\":\"EntryPoint\",\"urlTemplate\":\"https:\/\/www.unitedschools.world\/?s={search_term_string}\"},\"query-input\":{\"@type\":\"PropertyValueSpecification\",\"valueRequired\":true,\"valueName\":\"search_term_string\"}}],\"inLanguage\":\"en-US\"},{\"@type\":\"Organization\",\"@id\":\"https:\/\/www.unitedschools.world\/#organization\",\"name\":\"United Schools\",\"url\":\"https:\/\/www.unitedschools.world\/\",\"logo\":{\"@type\":\"ImageObject\",\"inLanguage\":\"en-US\",\"@id\":\"https:\/\/www.unitedschools.world\/#\/schema\/logo\/image\/\",\"url\":\"https:\/\/www.unitedschools.world\/wp-content\/uploads\/2019\/11\/logoNew.png\",\"contentUrl\":\"https:\/\/www.unitedschools.world\/wp-content\/uploads\/2019\/11\/logoNew.png\",\"width\":1300,\"height\":182,\"caption\":\"United Schools\"},\"image\":{\"@id\":\"https:\/\/www.unitedschools.world\/#\/schema\/logo\/image\/\"},\"sameAs\":[\"https:\/\/www.facebook.com\/unitedschools.world\/\",\"https:\/\/x.com\/UnitedSchoolsW\",\"https:\/\/www.instagram.com\/unitedschoolsassociation\/\",\"https:\/\/www.linkedin.com\/company\/united-schools\/\"]},{\"@type\":\"Person\",\"@id\":\"https:\/\/www.unitedschools.world\/#\/schema\/person\/3a144a66c249be9f144f3c491f4ada9e\",\"name\":\"Laetitia\",\"image\":{\"@type\":\"ImageObject\",\"inLanguage\":\"en-US\",\"@id\":\"https:\/\/www.unitedschools.world\/#\/schema\/person\/image\/\",\"url\":\"https:\/\/secure.gravatar.com\/avatar\/2664020527d09c5701a6a46cd5a1de58d8296333c5e6db14ce6df104129002f2?s=96&d=mm&r=g\",\"contentUrl\":\"https:\/\/secure.gravatar.com\/avatar\/2664020527d09c5701a6a46cd5a1de58d8296333c5e6db14ce6df104129002f2?s=96&d=mm&r=g\",\"caption\":\"Laetitia\"}}]}<\/script>\n<!-- \/ Yoast SEO plugin. -->","yoast_head_json":{"title":"Une ouverture sur le monde au coll\u00e8ge Ferdinand Buisson gr\u00e2ce \u00e0 United Schools - United Schools","robots":{"index":"index","follow":"follow","max-snippet":"max-snippet:-1","max-image-preview":"max-image-preview:large","max-video-preview":"max-video-preview:-1"},"canonical":"https:\/\/www.unitedschools.world\/en\/une-ouverture-sur-le-monde-au-college-ferdinand-buisson-grace-a-united-schools\/","og_locale":"en_US","og_type":"article","og_title":"Une ouverture sur le monde au coll\u00e8ge Ferdinand Buisson gr\u00e2ce \u00e0 United Schools - United Schools","og_description":"Sophie, professeure de SVT au coll\u00e8ge Ferdinand Buisson (Essonne), conna\u00eet United Schools depuis 3 ans. Elle a permis \u00e0 son \u00e9tablissement de rejoindre ce r\u00e9seau \u00e9ducatif international.Le coll\u00e8ge dispose d\u00e9sormais d\u2019une page d\u00e9di\u00e9e permettant de relayer des actions en lien avec n\u2019importe quel Objectif de D\u00e9veloppement Durable (ODD). \u00ab Les \u00e9l\u00e8ves savent qu\u2019il est possible d\u2019inspirer d\u2019autres jeunes \u00e0 travers [&hellip;]","og_url":"https:\/\/www.unitedschools.world\/en\/une-ouverture-sur-le-monde-au-college-ferdinand-buisson-grace-a-united-schools\/","og_site_name":"United Schools","article_publisher":"https:\/\/www.facebook.com\/unitedschools.world\/","article_published_time":"2025-07-16T15:00:00+00:00","article_modified_time":"2025-07-29T08:53:22+00:00","og_image":[{"width":1080,"height":1350,"url":"https:\/\/www.unitedschools.world\/wp-content\/uploads\/2025\/07\/1.jpg","type":"image\/jpeg"}],"author":"Laetitia","twitter_card":"summary_large_image","twitter_creator":"@UnitedSchoolsW","twitter_site":"@UnitedSchoolsW","twitter_misc":{"Written by":"Laetitia","Est. reading time":"2 minutes"},"schema":{"@context":"https:\/\/schema.org","@graph":[{"@type":"Article","@id":"https:\/\/www.unitedschools.world\/une-ouverture-sur-le-monde-au-college-ferdinand-buisson-grace-a-united-schools\/#article","isPartOf":{"@id":"https:\/\/www.unitedschools.world\/une-ouverture-sur-le-monde-au-college-ferdinand-buisson-grace-a-united-schools\/"},"author":{"name":"Laetitia","@id":"https:\/\/www.unitedschools.world\/#\/schema\/person\/3a144a66c249be9f144f3c491f4ada9e"},"headline":"Une ouverture sur le monde au coll\u00e8ge Ferdinand Buisson gr\u00e2ce \u00e0 United Schools","datePublished":"2025-07-16T15:00:00+00:00","dateModified":"2025-07-29T08:53:22+00:00","mainEntityOfPage":{"@id":"https:\/\/www.unitedschools.world\/une-ouverture-sur-le-monde-au-college-ferdinand-buisson-grace-a-united-schools\/"},"wordCount":488,"publisher":{"@id":"https:\/\/www.unitedschools.world\/#organization"},"image":{"@id":"https:\/\/www.unitedschools.world\/une-ouverture-sur-le-monde-au-college-ferdinand-buisson-grace-a-united-schools\/#primaryimage"},"thumbnailUrl":"https:\/\/www.unitedschools.world\/wp-content\/uploads\/2025\/07\/1.jpg","articleSection":["P\u00e9dagogie"],"inLanguage":"en-US"},{"@type":"WebPage","@id":"https:\/\/www.unitedschools.world\/une-ouverture-sur-le-monde-au-college-ferdinand-buisson-grace-a-united-schools\/","url":"https:\/\/www.unitedschools.world\/une-ouverture-sur-le-monde-au-college-ferdinand-buisson-grace-a-united-schools\/","name":"Une ouverture sur le monde au coll\u00e8ge Ferdinand Buisson gr\u00e2ce \u00e0 United Schools - United Schools","isPartOf":{"@id":"https:\/\/www.unitedschools.world\/#website"},"primaryImageOfPage":{"@id":"https:\/\/www.unitedschools.world\/une-ouverture-sur-le-monde-au-college-ferdinand-buisson-grace-a-united-schools\/#primaryimage"},"image":{"@id":"https:\/\/www.unitedschools.world\/une-ouverture-sur-le-monde-au-college-ferdinand-buisson-grace-a-united-schools\/#primaryimage"},"thumbnailUrl":"https:\/\/www.unitedschools.world\/wp-content\/uploads\/2025\/07\/1.jpg","datePublished":"2025-07-16T15:00:00+00:00","dateModified":"2025-07-29T08:53:22+00:00","breadcrumb":{"@id":"https:\/\/www.unitedschools.world\/une-ouverture-sur-le-monde-au-college-ferdinand-buisson-grace-a-united-schools\/#breadcrumb"},"inLanguage":"en-US","potentialAction":[{"@type":"ReadAction","target":["https:\/\/www.unitedschools.world\/une-ouverture-sur-le-monde-au-college-ferdinand-buisson-grace-a-united-schools\/"]}]},{"@type":"ImageObject","inLanguage":"en-US","@id":"https:\/\/www.unitedschools.world\/une-ouverture-sur-le-monde-au-college-ferdinand-buisson-grace-a-united-schools\/#primaryimage","url":"https:\/\/www.unitedschools.world\/wp-content\/uploads\/2025\/07\/1.jpg","contentUrl":"https:\/\/www.unitedschools.world\/wp-content\/uploads\/2025\/07\/1.jpg","width":1080,"height":1350},{"@type":"BreadcrumbList","@id":"https:\/\/www.unitedschools.world\/une-ouverture-sur-le-monde-au-college-ferdinand-buisson-grace-a-united-schools\/#breadcrumb","itemListElement":[{"@type":"ListItem","position":1,"name":"Accueil","item":"https:\/\/www.unitedschools.world\/"},{"@type":"ListItem","position":2,"name":"Une ouverture sur le monde au coll\u00e8ge Ferdinand Buisson gr\u00e2ce \u00e0 United Schools"}]},{"@type":"WebSite","@id":"https:\/\/www.unitedschools.world\/#website","url":"https:\/\/www.unitedschools.world\/","name":"United Schools","description":"One world to share","publisher":{"@id":"https:\/\/www.unitedschools.world\/#organization"},"potentialAction":[{"@type":"SearchAction","target":{"@type":"EntryPoint","urlTemplate":"https:\/\/www.unitedschools.world\/?s={search_term_string}"},"query-input":{"@type":"PropertyValueSpecification","valueRequired":true,"valueName":"search_term_string"}}],"inLanguage":"en-US"},{"@type":"Organization","@id":"https:\/\/www.unitedschools.world\/#organization","name":"United Schools","url":"https:\/\/www.unitedschools.world\/","logo":{"@type":"ImageObject","inLanguage":"en-US","@id":"https:\/\/www.unitedschools.world\/#\/schema\/logo\/image\/","url":"https:\/\/www.unitedschools.world\/wp-content\/uploads\/2019\/11\/logoNew.png","contentUrl":"https:\/\/www.unitedschools.world\/wp-content\/uploads\/2019\/11\/logoNew.png","width":1300,"height":182,"caption":"United Schools"},"image":{"@id":"https:\/\/www.unitedschools.world\/#\/schema\/logo\/image\/"},"sameAs":["https:\/\/www.facebook.com\/unitedschools.world\/","https:\/\/x.com\/UnitedSchoolsW","https:\/\/www.instagram.com\/unitedschoolsassociation\/","https:\/\/www.linkedin.com\/company\/united-schools\/"]},{"@type":"Person","@id":"https:\/\/www.unitedschools.world\/#\/schema\/person\/3a144a66c249be9f144f3c491f4ada9e","name":"Laetitia","image":{"@type":"ImageObject","inLanguage":"en-US","@id":"https:\/\/www.unitedschools.world\/#\/schema\/person\/image\/","url":"https:\/\/secure.gravatar.com\/avatar\/2664020527d09c5701a6a46cd5a1de58d8296333c5e6db14ce6df104129002f2?s=96&d=mm&r=g","contentUrl":"https:\/\/secure.gravatar.com\/avatar\/2664020527d09c5701a6a46cd5a1de58d8296333c5e6db14ce6df104129002f2?s=96&d=mm&r=g","caption":"Laetitia"}}]}},"amp_enabled":true,"_links":{"self":[{"href":"https:\/\/www.unitedschools.world\/en\/wp-json\/wp\/v2\/posts\/5418","targetHints":{"allow":["GET"]}}],"collection":[{"href":"https:\/\/www.unitedschools.world\/en\/wp-json\/wp\/v2\/posts"}],"about":[{"href":"https:\/\/www.unitedschools.world\/en\/wp-json\/wp\/v2\/types\/post"}],"author":[{"embeddable":true,"href":"https:\/\/www.unitedschools.world\/en\/wp-json\/wp\/v2\/users\/12"}],"replies":[{"embeddable":true,"href":"https:\/\/www.unitedschools.world\/en\/wp-json\/wp\/v2\/comments?post=5418"}],"version-history":[{"count":3,"href":"https:\/\/www.unitedschools.world\/en\/wp-json\/wp\/v2\/posts\/5418\/revisions"}],"predecessor-version":[{"id":5423,"href":"https:\/\/www.unitedschools.world\/en\/wp-json\/wp\/v2\/posts\/5418\/revisions\/5423"}],"wp:featuredmedia":[{"embeddable":true,"href":"https:\/\/www.unitedschools.world\/en\/wp-json\/wp\/v2\/media\/5420"}],"wp:attachment":[{"href":"https:\/\/www.unitedschools.world\/en\/wp-json\/wp\/v2\/media?parent=5418"}],"wp:term":[{"taxonomy":"category","embeddable":true,"href":"https:\/\/www.unitedschools.world\/en\/wp-json\/wp\/v2\/categories?post=5418"},{"taxonomy":"post_tag","embeddable":true,"href":"https:\/\/www.unitedschools.world\/en\/wp-json\/wp\/v2\/tags?post=5418"}],"curies":[{"name":"wp","href":"https:\/\/api.w.org\/{rel}","templated":true}]}}